{"id":4237,"date":"2024-06-14T12:06:54","date_gmt":"2024-06-14T15:06:54","guid":{"rendered":"https:\/\/fundamenta.adm.br\/?p=4237"},"modified":"2024-06-14T12:07:11","modified_gmt":"2024-06-14T15:07:11","slug":"uol-do-paozinho-as-viagens-como-a-alta-do-dolar-impacta-seu-bolso","status":"publish","type":"post","link":"https:\/\/fundamenta.adm.br\/en\/uol-do-paozinho-as-viagens-como-a-alta-do-dolar-impacta-seu-bolso\/","title":{"rendered":"UOL &#8211; Do p\u00e3ozinho \u00e0s viagens: como a alta do d\u00f3lar impacta seu bolso"},"content":{"rendered":"<p><\/p>\n\n\n\n<p><\/p>\n\n\n\n<p><\/p>\n\n\n\n<p><\/p>\n\n\n\n<p><\/p>\n\n\n\n<figure class=\"wp-block-image size-large\"><a href=\"https:\/\/economia.uol.com.br\/noticias\/redacao\/2024\/06\/13\/perto-dos-r-540-como-a-alta-do-dolar-impacta-seu-bolso.htm\" target=\"_blank\" rel=\"noopener\"><img fetchpriority=\"high\" decoding=\"async\" width=\"1024\" height=\"1024\" src=\"https:\/\/fundamenta.adm.br\/wp-content\/uploads\/2024\/06\/2024.06.13-Post-1024x1024.png\" alt=\"\" class=\"wp-image-4238\" srcset=\"https:\/\/fundamenta.adm.br\/wp-content\/uploads\/2024\/06\/2024.06.13-Post-1024x1024.png 1024w, https:\/\/fundamenta.adm.br\/wp-content\/uploads\/2024\/06\/2024.06.13-Post-300x300.png 300w, https:\/\/fundamenta.adm.br\/wp-content\/uploads\/2024\/06\/2024.06.13-Post-150x150.png 150w, https:\/\/fundamenta.adm.br\/wp-content\/uploads\/2024\/06\/2024.06.13-Post-768x768.png 768w, https:\/\/fundamenta.adm.br\/wp-content\/uploads\/2024\/06\/2024.06.13-Post-12x12.png 12w, https:\/\/fundamenta.adm.br\/wp-content\/uploads\/2024\/06\/2024.06.13-Post.png 1080w\" sizes=\"(max-width: 1024px) 100vw, 1024px\" \/><\/a><\/figure>","protected":false},"excerpt":{"rendered":"","protected":false},"author":10,"featured_media":0,"comment_status":"closed","ping_status":"open","sticky":false,"template":"","format":"standard","meta":{"footnotes":""},"categories":[4],"tags":[],"_links":{"self":[{"href":"https:\/\/fundamenta.adm.br\/en\/wp-json\/wp\/v2\/posts\/4237"}],"collection":[{"href":"https:\/\/fundamenta.adm.br\/en\/wp-json\/wp\/v2\/posts"}],"about":[{"href":"https:\/\/fundamenta.adm.br\/en\/wp-json\/wp\/v2\/types\/post"}],"author":[{"embeddable":true,"href":"https:\/\/fundamenta.adm.br\/en\/wp-json\/wp\/v2\/users\/10"}],"replies":[{"embeddable":true,"href":"https:\/\/fundamenta.adm.br\/en\/wp-json\/wp\/v2\/comments?post=4237"}],"version-history":[{"count":2,"href":"https:\/\/fundamenta.adm.br\/en\/wp-json\/wp\/v2\/posts\/4237\/revisions"}],"predecessor-version":[{"id":4240,"href":"https:\/\/fundamenta.adm.br\/en\/wp-json\/wp\/v2\/posts\/4237\/revisions\/4240"}],"wp:attachment":[{"href":"https:\/\/fundamenta.adm.br\/en\/wp-json\/wp\/v2\/media?parent=4237"}],"wp:term":[{"taxonomy":"category","embeddable":true,"href":"https:\/\/fundamenta.adm.br\/en\/wp-json\/wp\/v2\/categories?post=4237"},{"taxonomy":"post_tag","embeddable":true,"href":"https:\/\/fundamenta.adm.br\/en\/wp-json\/wp\/v2\/tags?post=4237"}],"curies":[{"name":"wp","href":"https:\/\/api.w.org\/{rel}","templated":true}]}}