{"id":4281,"date":"2024-06-26T17:42:59","date_gmt":"2024-06-26T20:42:59","guid":{"rendered":"https:\/\/fundamenta.adm.br\/?p=4281"},"modified":"2024-06-26T17:43:19","modified_gmt":"2024-06-26T20:43:19","slug":"estadao-e-investidor-fundo-de-acoes-fundamentalista-sera-disponibilizado-em-plataformas-veja","status":"publish","type":"post","link":"https:\/\/fundamenta.adm.br\/en\/estadao-e-investidor-fundo-de-acoes-fundamentalista-sera-disponibilizado-em-plataformas-veja\/","title":{"rendered":"Estad\u00e3o e-investidor &#8211;  Fundo de a\u00e7\u00f5es fundamentalista ser\u00e1 disponibilizado em plataformas"},"content":{"rendered":"<p><\/p>\n\n\n\n<p><\/p>\n\n\n\n<figure class=\"wp-block-image size-large\"><a href=\"https:\/\/einvestidor.estadao.com.br\/ultimas\/fundo-acoes-fundamentalista-disponivel-plataformas\/\" target=\"_blank\" rel=\"noopener\"><img fetchpriority=\"high\" decoding=\"async\" width=\"1024\" height=\"1024\" src=\"https:\/\/fundamenta.adm.br\/wp-content\/uploads\/2024\/06\/2024.05.26-POST-1024x1024.png\" alt=\"\" class=\"wp-image-4282\" srcset=\"https:\/\/fundamenta.adm.br\/wp-content\/uploads\/2024\/06\/2024.05.26-POST-1024x1024.png 1024w, https:\/\/fundamenta.adm.br\/wp-content\/uploads\/2024\/06\/2024.05.26-POST-300x300.png 300w, https:\/\/fundamenta.adm.br\/wp-content\/uploads\/2024\/06\/2024.05.26-POST-150x150.png 150w, https:\/\/fundamenta.adm.br\/wp-content\/uploads\/2024\/06\/2024.05.26-POST-768x768.png 768w, https:\/\/fundamenta.adm.br\/wp-content\/uploads\/2024\/06\/2024.05.26-POST-12x12.png 12w, https:\/\/fundamenta.adm.br\/wp-content\/uploads\/2024\/06\/2024.05.26-POST.png 1080w\" sizes=\"(max-width: 1024px) 100vw, 1024px\" \/><\/a><\/figure>","protected":false},"excerpt":{"rendered":"","protected":false},"author":10,"featured_media":0,"comment_status":"closed","ping_status":"open","sticky":false,"template":"","format":"standard","meta":{"footnotes":""},"categories":[4],"tags":[100,20,149,148],"_links":{"self":[{"href":"https:\/\/fundamenta.adm.br\/en\/wp-json\/wp\/v2\/posts\/4281"}],"collection":[{"href":"https:\/\/fundamenta.adm.br\/en\/wp-json\/wp\/v2\/posts"}],"about":[{"href":"https:\/\/fundamenta.adm.br\/en\/wp-json\/wp\/v2\/types\/post"}],"author":[{"embeddable":true,"href":"https:\/\/fundamenta.adm.br\/en\/wp-json\/wp\/v2\/users\/10"}],"replies":[{"embeddable":true,"href":"https:\/\/fundamenta.adm.br\/en\/wp-json\/wp\/v2\/comments?post=4281"}],"version-history":[{"count":2,"href":"https:\/\/fundamenta.adm.br\/en\/wp-json\/wp\/v2\/posts\/4281\/revisions"}],"predecessor-version":[{"id":4284,"href":"https:\/\/fundamenta.adm.br\/en\/wp-json\/wp\/v2\/posts\/4281\/revisions\/4284"}],"wp:attachment":[{"href":"https:\/\/fundamenta.adm.br\/en\/wp-json\/wp\/v2\/media?parent=4281"}],"wp:term":[{"taxonomy":"category","embeddable":true,"href":"https:\/\/fundamenta.adm.br\/en\/wp-json\/wp\/v2\/categories?post=4281"},{"taxonomy":"post_tag","embeddable":true,"href":"https:\/\/fundamenta.adm.br\/en\/wp-json\/wp\/v2\/tags?post=4281"}],"curies":[{"name":"wp","href":"https:\/\/api.w.org\/{rel}","templated":true}]}}