{"id":4424,"date":"2024-10-24T17:48:34","date_gmt":"2024-10-24T20:48:34","guid":{"rendered":"https:\/\/fundamenta.adm.br\/?p=4424"},"modified":"2024-10-24T19:30:41","modified_gmt":"2024-10-24T22:30:41","slug":"politica-contratacao-de-prestadores-de-servicos-e-fornecedores","status":"publish","type":"post","link":"https:\/\/fundamenta.adm.br\/en\/politica-contratacao-de-prestadores-de-servicos-e-fornecedores\/","title":{"rendered":"Pol\u00edtica para Contrata\u00e7\u00e3o de Prestadores de Servi\u00e7os e Fornecedores"},"content":{"rendered":"<p><a href=\"https:\/\/drive.google.com\/file\/d\/16NTuuMvf7hKiV7LybnFcGOTT9opATzSV\/view\" target=\"_blank\" rel=\"noreferrer noopener\">Pol\u00edtica para Contrata\u00e7\u00e3o de Prestadores de Servi\u00e7os e Fornecedores<\/a><\/p>","protected":false},"excerpt":{"rendered":"<p>Pol\u00edtica para Contrata\u00e7\u00e3o de Prestadores de Servi\u00e7os e Fornecedores<\/p>","protected":false},"author":6,"featured_media":0,"comment_status":"closed","ping_status":"open","sticky":false,"template":"","format":"standard","meta":{"footnotes":""},"categories":[6],"tags":[],"_links":{"self":[{"href":"https:\/\/fundamenta.adm.br\/en\/wp-json\/wp\/v2\/posts\/4424"}],"collection":[{"href":"https:\/\/fundamenta.adm.br\/en\/wp-json\/wp\/v2\/posts"}],"about":[{"href":"https:\/\/fundamenta.adm.br\/en\/wp-json\/wp\/v2\/types\/post"}],"author":[{"embeddable":true,"href":"https:\/\/fundamenta.adm.br\/en\/wp-json\/wp\/v2\/users\/6"}],"replies":[{"embeddable":true,"href":"https:\/\/fundamenta.adm.br\/en\/wp-json\/wp\/v2\/comments?post=4424"}],"version-history":[{"count":3,"href":"https:\/\/fundamenta.adm.br\/en\/wp-json\/wp\/v2\/posts\/4424\/revisions"}],"predecessor-version":[{"id":4428,"href":"https:\/\/fundamenta.adm.br\/en\/wp-json\/wp\/v2\/posts\/4424\/revisions\/4428"}],"wp:attachment":[{"href":"https:\/\/fundamenta.adm.br\/en\/wp-json\/wp\/v2\/media?parent=4424"}],"wp:term":[{"taxonomy":"category","embeddable":true,"href":"https:\/\/fundamenta.adm.br\/en\/wp-json\/wp\/v2\/categories?post=4424"},{"taxonomy":"post_tag","embeddable":true,"href":"https:\/\/fundamenta.adm.br\/en\/wp-json\/wp\/v2\/tags?post=4424"}],"curies":[{"name":"wp","href":"https:\/\/api.w.org\/{rel}","templated":true}]}}