{"id":4434,"date":"2024-11-11T18:09:25","date_gmt":"2024-11-11T21:09:25","guid":{"rendered":"https:\/\/fundamenta.adm.br\/?p=4434"},"modified":"2024-11-11T18:10:50","modified_gmt":"2024-11-11T21:10:50","slug":"o-experimento-economico-de-donald-trump","status":"publish","type":"post","link":"https:\/\/fundamenta.adm.br\/en\/o-experimento-economico-de-donald-trump\/","title":{"rendered":"O experimento econ\u00f4mico de Donald Trump"},"content":{"rendered":"<p><\/p>\n\n\n\n<p><\/p>\n\n\n\n<figure class=\"wp-block-image size-large\"><a href=\"https:\/\/braziljournal.com\/o-experimento-economico-de-donald-trump\/\" target=\"_blank\" rel=\"noopener\"><img fetchpriority=\"high\" decoding=\"async\" width=\"1024\" height=\"578\" src=\"https:\/\/fundamenta.adm.br\/wp-content\/uploads\/2024\/11\/Captura-de-tela-2024-11-11-175903-1024x578.png\" alt=\"\" class=\"wp-image-4435\" srcset=\"https:\/\/fundamenta.adm.br\/wp-content\/uploads\/2024\/11\/Captura-de-tela-2024-11-11-175903-1024x578.png 1024w, https:\/\/fundamenta.adm.br\/wp-content\/uploads\/2024\/11\/Captura-de-tela-2024-11-11-175903-300x169.png 300w, https:\/\/fundamenta.adm.br\/wp-content\/uploads\/2024\/11\/Captura-de-tela-2024-11-11-175903-768x434.png 768w, https:\/\/fundamenta.adm.br\/wp-content\/uploads\/2024\/11\/Captura-de-tela-2024-11-11-175903-18x10.png 18w, https:\/\/fundamenta.adm.br\/wp-content\/uploads\/2024\/11\/Captura-de-tela-2024-11-11-175903.png 1070w\" sizes=\"(max-width: 1024px) 100vw, 1024px\" \/><\/a><\/figure>\n\n\n\n<p style=\"font-size:17px\">08\/11\/2024<\/p>\n\n\n\n<p style=\"font-size:17px\">O economista Daniel Leichsenring comenta na mat\u00e9ria do Brazil Journal sobre os pr\u00f3ximos 4 anos da pol\u00edtica monet\u00e1ria e econ\u00f4mica americana com a elei\u00e7\u00e3o de Donald Trump e a influ\u00eancia sobre a economia mundial.<\/p>\n\n\n\n<p><\/p>","protected":false},"excerpt":{"rendered":"<p>08\/11\/2024 O economista Daniel Leichsenring comenta na mat\u00e9ria do Brazil Journal sobre os pr\u00f3ximos 4 anos da pol\u00edtica monet\u00e1ria e econ\u00f4mica americana com a elei\u00e7\u00e3o de Donald Trump e a influ\u00eancia sobre a economia mundial.<\/p>","protected":false},"author":10,"featured_media":0,"comment_status":"closed","ping_status":"open","sticky":false,"template":"","format":"standard","meta":{"footnotes":""},"categories":[3],"tags":[18,166,165,21,20,86],"_links":{"self":[{"href":"https:\/\/fundamenta.adm.br\/en\/wp-json\/wp\/v2\/posts\/4434"}],"collection":[{"href":"https:\/\/fundamenta.adm.br\/en\/wp-json\/wp\/v2\/posts"}],"about":[{"href":"https:\/\/fundamenta.adm.br\/en\/wp-json\/wp\/v2\/types\/post"}],"author":[{"embeddable":true,"href":"https:\/\/fundamenta.adm.br\/en\/wp-json\/wp\/v2\/users\/10"}],"replies":[{"embeddable":true,"href":"https:\/\/fundamenta.adm.br\/en\/wp-json\/wp\/v2\/comments?post=4434"}],"version-history":[{"count":3,"href":"https:\/\/fundamenta.adm.br\/en\/wp-json\/wp\/v2\/posts\/4434\/revisions"}],"predecessor-version":[{"id":4438,"href":"https:\/\/fundamenta.adm.br\/en\/wp-json\/wp\/v2\/posts\/4434\/revisions\/4438"}],"wp:attachment":[{"href":"https:\/\/fundamenta.adm.br\/en\/wp-json\/wp\/v2\/media?parent=4434"}],"wp:term":[{"taxonomy":"category","embeddable":true,"href":"https:\/\/fundamenta.adm.br\/en\/wp-json\/wp\/v2\/categories?post=4434"},{"taxonomy":"post_tag","embeddable":true,"href":"https:\/\/fundamenta.adm.br\/en\/wp-json\/wp\/v2\/tags?post=4434"}],"curies":[{"name":"wp","href":"https:\/\/api.w.org\/{rel}","templated":true}]}}