{"id":4577,"date":"2025-04-30T14:58:13","date_gmt":"2025-04-30T17:58:13","guid":{"rendered":"https:\/\/fundamenta.adm.br\/?p=4577"},"modified":"2025-04-30T14:58:13","modified_gmt":"2025-04-30T17:58:13","slug":"safras-mercado-bolsa-perde-folego-no-final-do-pregao-mas-fecha-em-alta-com-fluxo-estrangeiro-dolar-cai","status":"publish","type":"post","link":"https:\/\/fundamenta.adm.br\/en\/safras-mercado-bolsa-perde-folego-no-final-do-pregao-mas-fecha-em-alta-com-fluxo-estrangeiro-dolar-cai\/","title":{"rendered":"Safras &amp; Mercado &#8211; Bolsa perde f\u00f4lego no final do preg\u00e3o, mas fecha em alta, com fluxo estrangeiro; d\u00f3lar cai"},"content":{"rendered":"<p><\/p>\n\n\n\n<figure class=\"wp-block-image size-large\"><a href=\"https:\/\/safras.com.br\/bolsa-perde-folego-no-final-do-pregao-mas-fecha-em-alta-com-fluxo-estrangeiro-dolar-cai\" target=\"_blank\" rel=\"noopener\"><img fetchpriority=\"high\" decoding=\"async\" width=\"1024\" height=\"1024\" src=\"https:\/\/fundamenta.adm.br\/wp-content\/uploads\/2025\/04\/2025.04.30-Post-1-1024x1024.png\" alt=\"\" class=\"wp-image-4578\" srcset=\"https:\/\/fundamenta.adm.br\/wp-content\/uploads\/2025\/04\/2025.04.30-Post-1-1024x1024.png 1024w, https:\/\/fundamenta.adm.br\/wp-content\/uploads\/2025\/04\/2025.04.30-Post-1-300x300.png 300w, https:\/\/fundamenta.adm.br\/wp-content\/uploads\/2025\/04\/2025.04.30-Post-1-150x150.png 150w, https:\/\/fundamenta.adm.br\/wp-content\/uploads\/2025\/04\/2025.04.30-Post-1-768x768.png 768w, https:\/\/fundamenta.adm.br\/wp-content\/uploads\/2025\/04\/2025.04.30-Post-1-12x12.png 12w, https:\/\/fundamenta.adm.br\/wp-content\/uploads\/2025\/04\/2025.04.30-Post-1.png 1080w\" sizes=\"(max-width: 1024px) 100vw, 1024px\" \/><\/a><\/figure>\n\n\n\n<p style=\"font-size:17px\">29\/04\/2025<\/p>","protected":false},"excerpt":{"rendered":"<p>29\/04\/2025<\/p>","protected":false},"author":10,"featured_media":0,"comment_status":"closed","ping_status":"open","sticky":false,"template":"","format":"standard","meta":{"footnotes":""},"categories":[4],"tags":[21,20,110,22,86,195],"_links":{"self":[{"href":"https:\/\/fundamenta.adm.br\/en\/wp-json\/wp\/v2\/posts\/4577"}],"collection":[{"href":"https:\/\/fundamenta.adm.br\/en\/wp-json\/wp\/v2\/posts"}],"about":[{"href":"https:\/\/fundamenta.adm.br\/en\/wp-json\/wp\/v2\/types\/post"}],"author":[{"embeddable":true,"href":"https:\/\/fundamenta.adm.br\/en\/wp-json\/wp\/v2\/users\/10"}],"replies":[{"embeddable":true,"href":"https:\/\/fundamenta.adm.br\/en\/wp-json\/wp\/v2\/comments?post=4577"}],"version-history":[{"count":1,"href":"https:\/\/fundamenta.adm.br\/en\/wp-json\/wp\/v2\/posts\/4577\/revisions"}],"predecessor-version":[{"id":4579,"href":"https:\/\/fundamenta.adm.br\/en\/wp-json\/wp\/v2\/posts\/4577\/revisions\/4579"}],"wp:attachment":[{"href":"https:\/\/fundamenta.adm.br\/en\/wp-json\/wp\/v2\/media?parent=4577"}],"wp:term":[{"taxonomy":"category","embeddable":true,"href":"https:\/\/fundamenta.adm.br\/en\/wp-json\/wp\/v2\/categories?post=4577"},{"taxonomy":"post_tag","embeddable":true,"href":"https:\/\/fundamenta.adm.br\/en\/wp-json\/wp\/v2\/tags?post=4577"}],"curies":[{"name":"wp","href":"https:\/\/api.w.org\/{rel}","templated":true}]}}