{"id":615,"date":"2021-10-01T14:22:31","date_gmt":"2021-10-01T17:22:31","guid":{"rendered":"https:\/\/fundamenta.adm.br\/?p=615"},"modified":"2022-10-13T11:29:57","modified_gmt":"2022-10-13T14:29:57","slug":"impacto-no-mercado-da-taxacao-de-dividendos-prevista-na-reforma-tributaria-e-incerto-afirmam-analistas","status":"publish","type":"post","link":"https:\/\/fundamenta.adm.br\/en\/impacto-no-mercado-da-taxacao-de-dividendos-prevista-na-reforma-tributaria-e-incerto-afirmam-analistas\/","title":{"rendered":"ValorEcon\u00f4mico &#8211; Impacto no mercado da taxa\u00e7\u00e3o de dividendos prevista na reforma tribut\u00e1ria \u00e9 incerto, afirmam analistas"},"content":{"rendered":"<p><\/p>\n\n\n\n<p><\/p>\n\n\n\n<figure class=\"wp-block-image size-large\"><a href=\"https:\/\/valor.globo.com\/empresas\/noticia\/2021\/09\/29\/impacto-no-mercado-da-taxacao-de-dividendos-prevista-na-reforma-tributaria-e-incerto-afirmam-analistas.ghtml\" target=\"_blank\" rel=\"noopener\"><img fetchpriority=\"high\" decoding=\"async\" width=\"1024\" height=\"1024\" src=\"https:\/\/fundamenta.adm.br\/wp-content\/uploads\/2021\/10\/Fundamenta-na-Midia-Extra-1024x1024.png\" alt=\"\" class=\"wp-image-616\" srcset=\"https:\/\/fundamenta.adm.br\/wp-content\/uploads\/2021\/10\/Fundamenta-na-Midia-Extra-1024x1024.png 1024w, https:\/\/fundamenta.adm.br\/wp-content\/uploads\/2021\/10\/Fundamenta-na-Midia-Extra-300x300.png 300w, https:\/\/fundamenta.adm.br\/wp-content\/uploads\/2021\/10\/Fundamenta-na-Midia-Extra-150x150.png 150w, https:\/\/fundamenta.adm.br\/wp-content\/uploads\/2021\/10\/Fundamenta-na-Midia-Extra-768x768.png 768w, https:\/\/fundamenta.adm.br\/wp-content\/uploads\/2021\/10\/Fundamenta-na-Midia-Extra.png 1080w\" sizes=\"(max-width: 1024px) 100vw, 1024px\" \/><\/a><\/figure>\n\n\n\n<p><\/p>","protected":false},"excerpt":{"rendered":"","protected":false},"author":5,"featured_media":0,"comment_status":"open","ping_status":"open","sticky":false,"template":"","format":"standard","meta":{"footnotes":""},"categories":[4],"tags":[],"_links":{"self":[{"href":"https:\/\/fundamenta.adm.br\/en\/wp-json\/wp\/v2\/posts\/615"}],"collection":[{"href":"https:\/\/fundamenta.adm.br\/en\/wp-json\/wp\/v2\/posts"}],"about":[{"href":"https:\/\/fundamenta.adm.br\/en\/wp-json\/wp\/v2\/types\/post"}],"author":[{"embeddable":true,"href":"https:\/\/fundamenta.adm.br\/en\/wp-json\/wp\/v2\/users\/5"}],"replies":[{"embeddable":true,"href":"https:\/\/fundamenta.adm.br\/en\/wp-json\/wp\/v2\/comments?post=615"}],"version-history":[{"count":10,"href":"https:\/\/fundamenta.adm.br\/en\/wp-json\/wp\/v2\/posts\/615\/revisions"}],"predecessor-version":[{"id":3057,"href":"https:\/\/fundamenta.adm.br\/en\/wp-json\/wp\/v2\/posts\/615\/revisions\/3057"}],"wp:attachment":[{"href":"https:\/\/fundamenta.adm.br\/en\/wp-json\/wp\/v2\/media?parent=615"}],"wp:term":[{"taxonomy":"category","embeddable":true,"href":"https:\/\/fundamenta.adm.br\/en\/wp-json\/wp\/v2\/categories?post=615"},{"taxonomy":"post_tag","embeddable":true,"href":"https:\/\/fundamenta.adm.br\/en\/wp-json\/wp\/v2\/tags?post=615"}],"curies":[{"name":"wp","href":"https:\/\/api.w.org\/{rel}","templated":true}]}}